{"id":618,"date":"2023-07-21T10:11:29","date_gmt":"2023-07-21T08:11:29","guid":{"rendered":"https:\/\/www.efco.lu\/?p=618"},"modified":"2023-07-21T10:12:08","modified_gmt":"2023-07-21T08:12:08","slug":"conges-dete-2023","status":"publish","type":"post","link":"https:\/\/www.efco.lu\/?p=618&lang=fr","title":{"rendered":"Cong\u00e9s d&rsquo;\u00e9t\u00e9 2023"},"content":{"rendered":"\n<p>Durant le cong\u00e9 collectif d\u2019\u00e9t\u00e9, nos chantiers seront ferm\u00e9s \u00e0 partir du <strong>jeudi 27 juillet 2023, 14:00<\/strong>. Reprise le <strong>lundi 21 ao\u00fbt 2023<\/strong>, aux horaires habituels.<\/p>\n\n\n\n<p>Les factures de nos fournisseurs re\u00e7ues durant cette p\u00e9riode seront trait\u00e9es \u00e0 notre retour et nous consid\u00e9rons donc la p\u00e9riode pour le calcul des escomptes comme suspendue.<\/p>\n\n\n\n<p>L&rsquo;entreprise Efco-Forodia Exploitation souhaite d\u2019avance \u00e0 l&rsquo;ensemble de ses partenaires<strong> <\/strong>d&rsquo;excellentes vacances pour ce cong\u00e9 collectif.<\/p>\n\n\n\n<p>Bonnes vacances ! \/ Boas ferias ! \/ Sch\u00e9i Feierdeeg !<\/p>\n","protected":false},"excerpt":{"rendered":"<p>Durant le cong\u00e9 collectif d\u2019\u00e9t\u00e9, nos chantiers seront ferm\u00e9s \u00e0 partir du jeudi 27 juillet 2023, 14:00. Reprise le lundi 21 ao\u00fbt 2023, aux horaires habituels. Les factures de nos fournisseurs re\u00e7ues durant cette p\u00e9riode seront trait\u00e9es \u00e0 notre retour et nous consid\u00e9rons donc la p\u00e9riode pour le calcul des escomptes comme suspendue. L&rsquo;entreprise Efco-Forodia [&hellip;]<\/p>\n","protected":false},"author":3,"featured_media":619,"comment_status":"closed","ping_status":"closed","sticky":false,"template":"","format":"standard","meta":[],"categories":[1],"tags":[],"_links":{"self":[{"href":"https:\/\/www.efco.lu\/index.php?rest_route=\/wp\/v2\/posts\/618"}],"collection":[{"href":"https:\/\/www.efco.lu\/index.php?rest_route=\/wp\/v2\/posts"}],"about":[{"href":"https:\/\/www.efco.lu\/index.php?rest_route=\/wp\/v2\/types\/post"}],"author":[{"embeddable":true,"href":"https:\/\/www.efco.lu\/index.php?rest_route=\/wp\/v2\/users\/3"}],"replies":[{"embeddable":true,"href":"https:\/\/www.efco.lu\/index.php?rest_route=%2Fwp%2Fv2%2Fcomments&post=618"}],"version-history":[{"count":2,"href":"https:\/\/www.efco.lu\/index.php?rest_route=\/wp\/v2\/posts\/618\/revisions"}],"predecessor-version":[{"id":621,"href":"https:\/\/www.efco.lu\/index.php?rest_route=\/wp\/v2\/posts\/618\/revisions\/621"}],"wp:featuredmedia":[{"embeddable":true,"href":"https:\/\/www.efco.lu\/index.php?rest_route=\/wp\/v2\/media\/619"}],"wp:attachment":[{"href":"https:\/\/www.efco.lu\/index.php?rest_route=%2Fwp%2Fv2%2Fmedia&parent=618"}],"wp:term":[{"taxonomy":"category","embeddable":true,"href":"https:\/\/www.efco.lu\/index.php?rest_route=%2Fwp%2Fv2%2Fcategories&post=618"},{"taxonomy":"post_tag","embeddable":true,"href":"https:\/\/www.efco.lu\/index.php?rest_route=%2Fwp%2Fv2%2Ftags&post=618"}],"curies":[{"name":"wp","href":"https:\/\/api.w.org\/{rel}","templated":true}]}}